{"id":306,"date":"2020-11-10T12:21:46","date_gmt":"2020-11-10T12:21:46","guid":{"rendered":"http:\/\/www.proveritate.hu\/?p=306"},"modified":"2020-11-10T12:21:46","modified_gmt":"2020-11-10T12:21:46","slug":"kezbesitesi-fikcio-avagy-nem-vettem-at-megis-olyan-mintha-atvettem-volna","status":"publish","type":"post","link":"https:\/\/www.proveritate.hu\/index.php\/2020\/11\/10\/kezbesitesi-fikcio-avagy-nem-vettem-at-megis-olyan-mintha-atvettem-volna\/","title":{"rendered":"K\u00e9zbes\u00edt\u00e9si fikci\u00f3, avagy nem vettem \u00e1t, m\u00e9gis olyan, mintha \u00e1tvettem volna?"},"content":{"rendered":"\n<p><\/p>\n\n\n\n<p>T\u00f6r\u00f6k Csaba <\/p>\n\n\n\n<figure class=\"wp-block-image size-large is-style-default\"><img loading=\"lazy\" decoding=\"async\" width=\"6000\" height=\"4000\" src=\"http:\/\/www.proveritate.hu\/wp-content\/uploads\/2020\/11\/toyamakanna-j0VL_haSyhM-unsplash.jpg\" alt=\"\" class=\"wp-image-308\"\/><\/figure>\n\n\n\n<p>A r\u00f6vid v\u00e1lasz: igen, olyan. \u00c9rdemes kis figyelmet ford\u00edtani viszont a mi\u00e9rtj\u00e9re \u00e9s a mik\u00e9ntj\u00e9re.<\/p>\n\n\n\n<p><strong>Mik\u00e9nt lehets\u00e9ges?<\/strong><\/p>\n\n\n\n<p>A fogalmat a polg\u00e1ri perrendtart\u00e1sr\u00f3l sz\u00f3l\u00f3 2016. \u00e9vi CXXX. t\u00f6rv\u00e9ny (Pp.) 137. \u00a7-a vezette be (egy\u00e9bk\u00e9nt el\u0151tte k\u00e9zbes\u00edt\u00e9si v\u00e9lelem n\u00e9ven volt ismeretes). A k\u00e9zbes\u00edt\u00e9si fikci\u00f3 l\u00e9nyege, hogy bizonyos esetekben akkor is k\u00e9zbes\u00edtettnek kell tekinteni egy levelet, amennyiben azt a c\u00edmzett nyilv\u00e1nval\u00f3an nem vette \u00e1t.<\/p>\n\n\n\n<p><em>Az \u00faj Pp. \u00e1ltal haszn\u00e1lt fikci\u00f3 fogalom pontosabb \u00e9s k\u00f6vetkezetesebb jogelm\u00e9leti szempontb\u00f3l. A fictio \u00e9s a praesumptio (v\u00e9lelem) fogalmakkal m\u00e1r a r\u00f3mai jogban is tal\u00e1lkozhatunk, \u00e9s a kett\u0151 k\u00f6z\u00f6tt l\u00e9nyegi szempont, hogy m\u00edg a fikci\u00f3 sor\u00e1n egy nyilv\u00e1nval\u00f3an val\u00f3tlan t\u00e9nyt egyezm\u00e9nyesen val\u00f3snak fogadunk el, addig a v\u00e9lelem eset\u00e9n egy egy\u00e9bk\u00e9nt igen val\u00f3sz\u00edn\u0171 t\u00e9nyt tekint\u00fcnk egyezm\u00e9nyesen val\u00f3snak. A k\u00e9zbes\u00edt\u00e9si fikci\u00f3 sz\u00f3haszn\u00e1lat teh\u00e1t nem csup\u00e1n helyes a Pp. \u00e9rtelm\u00e9ben, hanem pontosabb kifejez\u00e9s is egyben.&nbsp;<\/em><\/p>\n\n\n\n<p>A k\u00e9zbes\u00edt\u00e9si fikci\u00f3 be\u00e1llt\u00e1nak k\u00e9t esete l\u00e9tezik:<\/p>\n\n\n\n<ul class=\"wp-block-list\"><li>a c\u00edmzett megtagadja a lev\u00e9l \u00e1tv\u00e9tel\u00e9t, vagy<\/li><li>a c\u00edmzett nem tal\u00e1lhat\u00f3 otthon \u00e9s a meghagyott postai \u00e9rtes\u00edt\u0151 ellen\u00e9re sem keresi a levelet a post\u00e1n.<\/li><\/ul>\n\n\n\n<p>Ha a c\u00edmzett megtagadja a lev\u00e9l \u00e1tv\u00e9tel\u00e9t, a Pp. szab\u00e1lyai szerint azonnal (m\u00e9g aznap) be\u00e1ll a k\u00e9zbes\u00edt\u00e9si fikci\u00f3.<\/p>\n\n\n\n<pre class=\"wp-block-verse\"><em>K\u00e9pzelj\u00fck csak el, hogy sz\u00e1m\u00edtunk egy nek\u00fcnk kedvez\u0151tlen tartalm\u00fa lev\u00e9lre, a post\u00e1s csenget, a kapuban megl\u00e1tjuk, hogy val\u00f3ban ez a lev\u00e9l \u00e9rkezett, majd nemes egyszer\u0171s\u00e9ggel k\u00f6z\u00f6lj\u00fck, hogy nem vessz\u00fck \u00e1t. Ezzel a magatart\u00e1ssal semmi esetre sem seg\u00edthet\u00fcnk magunkon, \u00e9s m\u00e9g csak a struccpolitika egy\u00e9bk\u00e9nt n\u00e9ha kedvez\u0151 hat\u00e1sai sem fognak rajtunk seg\u00edteni, hisz a lev\u00e9l tartalm\u00e1t nem ismerj\u00fck \u00edgy meg, de a k\u00fcldem\u00e9ny \u00fagy viselkedik, mintha azt \u00e1tvett\u00fck volna ott \u00e9s akkor: a lev\u00e9l tartalma hat\u00e1lyosul, a hat\u00e1rid\u0151k elkezdenek ketyegni...<\/em><\/pre>\n\n\n\n<p>M\u00e1sik eset, ha a c\u00edmzettet nem tal\u00e1lja otthon a posta, ez\u00e9rt a lev\u00e9l k\u00e9zbes\u00edt\u00e9se lehetetlen \u2013 ebben az esetben nem, de legal\u00e1bbis nem azonnal \u00e1ll be a k\u00e9zbes\u00edt\u00e9si fikci\u00f3. A vonatkoz\u00f3 szab\u00e1lyok szerint a posta alkalmazottja szab\u00e1lyos \u00e9rtes\u00edt\u0151t helyez el a c\u00edmzett postal\u00e1d\u00e1j\u00e1ban (\u201c1. k\u00e9zbes\u00edt\u00e9s\u201d), amelyben t\u00e1j\u00e9koztat minket a k\u00fcldem\u00e9ny felad\u00f3j\u00e1r\u00f3l is, valamint arr\u00f3l, hogy 5 munkanap \u00e1ll rendelkez\u00e9s\u00fcnkre a post\u00e1n szem\u00e9lyesen \u00e1tvenni a levelet.<\/p>\n\n\n\n<p>Amennyiben az 5 nap eltelik, \u00e9s a c\u00edmzett a k\u00fcldem\u00e9nyt&nbsp;<em>nem kereste<\/em>, a posta \u00fajfent megk\u00eds\u00e9rli a k\u00e9zbes\u00edt\u00e9st (\u201c2. k\u00e9zbes\u00edt\u00e9s\u201d). Ha a c\u00edmzettet tov\u00e1bbra sem tal\u00e1lja c\u00edm\u00e9n, \u00fagy a postai alkalmazott \u00fajabb szab\u00e1lyos \u00e9rtes\u00edt\u0151t \u00e1ll\u00edt ki r\u00e9sz\u00e9re az el\u0151z\u0151vel azonos tartalommal: t\u00e1j\u00e9koztatja a c\u00edmzettet, hogy tov\u00e1bbi 5 munkanap \u00e1ll rendelkez\u00e9s\u00e9re szem\u00e9lyesen \u00e1tvenni a levelet a post\u00e1n.&nbsp;<\/p>\n\n\n\n<p>Amennyiben az \u00fajabb 5 nap is sikertelen\u00fcl telik el, a post\u00e1nak k\u00f6teless\u00e9ge gondoskodni a k\u00fcldem\u00e9ny visszak\u00fcld\u00e9s\u00e9r\u0151l, amelyet ilyenkor \u00fagynevezett \u201cnem kereste\u201d jelz\u00e9ssel l\u00e1t el. Ezen az omin\u00f3zus 5. munkanapon egy\u00fattal be\u00e1ll a k\u00e9zbes\u00edt\u00e9si fikci\u00f3.<\/p>\n\n\n\n<p><em>A c\u00edmzettnek teh\u00e1t voltak\u00e9ppen k\u00e9tszer 5 munkanapja \u2013 a gyakorlatban \u00e1ltal\u00e1ban 10-13 napt\u00e1ri napja (extr\u00e9m esetben ak\u00e1r 15 napja), teh\u00e1t legal\u00e1bb k\u00f6zel k\u00e9t hete \u2013 van \u00e9rtes\u00fclni lev\u00e9l \u00e9rkez\u00e9s\u00e9nek t\u00e9ny\u00e9r\u0151l, valamint gondoskodni annak \u00e1tv\u00e9tel\u00e9r\u0151l. Term\u00e9szetesen el\u0151fordulhat, hogy a c\u00edmzett huzamosabb ideig nem tart\u00f3zkodik c\u00edm\u00e9n, \u00edgy val\u00f3ban nem \u00e9rtes\u00fcl r\u00f3la, hogy k\u00fcldem\u00e9nye \u00e9rkezett.<\/em><\/p>\n\n\n\n<p>Fontos, hogy a k\u00e9zbes\u00edt\u00e9si fikci\u00f3t&nbsp;<em>meg lehet d\u00f6nteni<\/em>, a&nbsp;Pp. 138. \u00a7-a r\u00e9szletesen szab\u00e1lyozza ennek m\u00f3dj\u00e1t. Gyakori p\u00e9lda egy k\u00fclf\u00f6ldi tart\u00f3zkod\u00e1s a k\u00e9zbes\u00edt\u00e9sek megk\u00eds\u00e9rl\u00e9s\u00e9nek ideje alatt: a k\u00e9zbes\u00edt\u00e9si fikci\u00f3 elleni kifog\u00e1st ak\u00e1r egy rep\u00fcl\u0151jegy vagy sz\u00e1mla is megalapozhatja: csup\u00e1n igazolnia sz\u00fcks\u00e9ges, hogy \u00f6nhib\u00e1j\u00e1n k\u00edv\u00fcl nem vette \u00e1t a levelet. Term\u00e9szetesen abban az esetben is meg\u00e1ll a kifog\u00e1s, ha a postai szolg\u00e1ltat\u00f3 vonatkoz\u00f3 jogszab\u00e1lyt s\u00e9rtett a k\u00e9zbes\u00edt\u00e9s sor\u00e1n, \u00e9s ez\u00e9rt nem kaphatta azt meg. A kifog\u00e1s beny\u00fajt\u00e1s\u00e1nak ugyanakkor hat\u00e1rideje van: a tudom\u00e1sszerz\u00e9st\u0151l sz\u00e1m\u00edtott 15 nap, illetve egyes esetekben legfeljebb 3 h\u00f3nap \u2013 amely viszont jogveszt\u0151. (A hat\u00e1rid\u0151re vonatkoz\u00f3 b\u0151vebb inform\u00e1ci\u00f3k\u00e9rt a Pp. 138. \u00a7-\u00e1nak \u00e1tolvas\u00e1sa javasolt.)<\/p>\n\n\n\n<p>A Pp. alapvet\u0151en a b\u00edr\u00f3s\u00e1gi iratok vonatkoz\u00e1s\u00e1ban szab\u00e1lyozza a k\u00e9zbes\u00edt\u00e9si fikci\u00f3 k\u00e9rd\u00e9s\u00e9t, de \u00d6nnek tiszt\u00e1ban kell azzal is lennie, hogy a Pp. igen gyakori \u201ch\u00e1tt\u00e9rszab\u00e1ly\u201d m\u00e1s tov\u00e1bbi elj\u00e1r\u00e1sok eset\u00e9n is. Kiemelend\u0151 p\u00e9ld\u00e1ul az igen gyakori fizet\u00e9si meghagy\u00e1s: a k\u00e9zbes\u00edt\u00e9si fikci\u00f3, annak be\u00e1llta, a k\u00e9zbes\u00edt\u00e9si kifog\u00e1s term\u00e9szete pontosan ugyan\u00edgy, a fent le\u00edrtak szerint alakul.<\/p>\n\n\n\n<p><strong>V\u00e9g\u00fcl: m\u00e9gis, mi\u00e9rt van ez \u00edgy?<\/strong><\/p>\n\n\n\n<p>Az alapt\u00e9tel ide\u00e1lis esetben az, hogy t\u00f6rv\u00e9nytisztel\u0151 \u00e9s szab\u00e1lyk\u00f6vet\u0151 szem\u00e9lyek alkotj\u00e1k t\u00e1rsadalmunkat. Amennyiben persze ez kiv\u00e9tel n\u00e9lk\u00fcl val\u00f3 volna, a legt\u00f6bb jogszab\u00e1lyra sz\u00fcks\u00e9g sem volna: nem kellene tartani vissza\u00e9l\u00e9sekt\u0151l, hovatov\u00e1bb, a b\u0171n\u00f6z\u00e9st\u0151l sem. S minthogy ez nyilv\u00e1nval\u00f3an nincs \u00edgy, a jogalkot\u00f3 k\u00e9nyszer\u0171en szab\u00e1lyokat alkotott arra vonatkoz\u00f3an, hogy a vissza\u00e9l\u00e9sek lehet\u0151s\u00e9g\u00e9t cs\u00f6kkentse.<\/p>\n\n\n\n<p>A k\u00e9zbes\u00edt\u00e9si fikci\u00f3 hi\u00e1ny\u00e1ban egy hivatalos irat \u00e1t nem v\u00e9tele teljesen ellehetetlen\u00edtene minden hivatalos \u00fcgy folytat\u00e1s\u00e1t.<\/p>\n\n\n\n<pre class=\"wp-block-verse\"><em>T\u00e9telezz\u00fck fel, hogy \u00d6nnek hossz\u00fa ideje tartozik valaki egy nagyobb p\u00e9nz\u00f6sszeggel, \u00e9s mivel t\u00f6bbsz\u00f6ri pr\u00f3b\u00e1lkoz\u00e1sra sem siker\u00fclt ezt visszak\u00f6vetelnie, keresetet ny\u00fajtott be a b\u00edr\u00f3s\u00e1gra, hogy az \u00e1llami k\u00e9nyszer seg\u00edtsen \u00d6nnek a behajt\u00e1sban. A b\u00edr\u00f3s\u00e1g megk\u00fcldi az ad\u00f3s sz\u00e1m\u00e1ra a keresetlevelet, viszont \u2013 mivel az kib\u00fajna a felel\u0151ss\u00e9g al\u00f3l \u2013 nem veszi \u00e1t a hivatalos iratot a post\u00e1t\u00f3l. A b\u00edr\u00f3s\u00e1g ebben a pillanatban tehetetlenn\u00e9 v\u00e1lik, hiszen nem tudja \u00e9rtes\u00edteni az alperest az \u00d6n k\u00f6vetel\u00e9s\u00e9r\u0151l, nem tudja sem id\u00e9zni, sem meghallgatni, egyszer\u0171en k\u00e9ptelenn\u00e9 v\u00e1lik a tisztess\u00e9ges \u00e9s t\u00f6rv\u00e9nyes elj\u00e1r\u00e1s lefolytat\u00e1s\u00e1ra.&nbsp;<\/em><\/pre>\n\n\n\n<p>Abban az esetben, ha az irat \u00e1t nem v\u00e9tele pedig val\u00f3ban \u00f6nhib\u00e1j\u00e1n k\u00edv\u00fcl es\u0151 okra vezethet\u0151 vissza (nem pedig vissza\u00e9l\u00e9sszer\u0171 magatart\u00e1sra), ott van a k\u00e9zbes\u00edt\u00e9si kifog\u00e1s lehet\u0151s\u00e9ge, amellyel b\u00e1rkinek nyitva \u00e1ll a lehet\u0151s\u00e9g megd\u00f6nteni, s ezzel visszaford\u00edtani a k\u00e9zbes\u00edt\u00e9si fikci\u00f3t \u00e9s annak k\u00f6vetkezm\u00e9nyeit.<\/p>\n\n\n\n<p class=\"has-small-font-size\"><em>A cikk nem ny\u00fajt teljes k\u00f6r\u0171 t\u00e1j\u00e9koztat\u00e1st a k\u00e9zbes\u00edt\u00e9si fikci\u00f3 int\u00e9zm\u00e9ny\u00e9r\u0151l; az az \u00e1ltal\u00e1nos \u00e9s az igen gyakori esetek alapulv\u00e9tel\u00e9vel \u00edr\u00f3dott. K\u00e9rj\u00fck, vegye figyelembe, hogy egy konkr\u00e9t eset a k\u00f6r\u00fclm\u00e9nyei, tov\u00e1bbi egyedi ism\u00e9rvei, illetve a jogviszony k\u00fcl\u00f6n\u00f6s helyzete miatt lehet oly m\u00f3don speci\u00e1lis, hogy a cikkben le\u00edrtak nem, vagy csak r\u00e9szben teljes\u00fclnek. A cikk az \u00e1ltal\u00e1nos t\u00e1j\u00e9koz\u00f3d\u00e1st szolg\u00e1lja, jogi tan\u00e1csad\u00e1s rem\u00e9ny\u00e9ben keressen fel egy \u00fcgyv\u00e9det, vagy \u00fcgyv\u00e9di irod\u00e1t, akinek a tejes t\u00e9ny\u00e1ll\u00e1s megismer\u00e9s\u00e9t, az okiratokba betekint\u00e9st k\u00f6vet\u0151en lehet\u0151s\u00e9ge ny\u00edlik szem\u00e9lyre szabottan seg\u00edteni \u00d6nnek.&nbsp;<\/em><\/p>\n","protected":false},"excerpt":{"rendered":"<p>Levelet kaptam, nem vettem \u00e1t, m\u00e9gis olyan, mintha \u00e1tvettem volna? A r\u00f6vid v\u00e1lasz: igen, olyan. \u00c9rdemes kis figyelmet ford\u00edtani viszont a mi\u00e9rtj\u00e9re \u00e9s a mik\u00e9ntj\u00e9re. Mir\u0151l is sz\u00f3l a k\u00e9zbes\u00edt\u00e9si fikci\u00f3? Hogyan m\u0171k\u00f6dik?<\/p>\n","protected":false},"author":1,"featured_media":0,"comment_status":"open","ping_status":"open","sticky":false,"template":"","format":"standard","meta":{"footnotes":""},"categories":[16],"tags":[19,18,17,21],"class_list":["post-306","post","type-post","status-publish","format-standard","hentry","category-polgari-eljarasjog","tag-kezbesites","tag-kezbesitesi-fikcio","tag-polgari-eljarasjog","tag-pp-2"],"_links":{"self":[{"href":"https:\/\/www.proveritate.hu\/index.php\/wp-json\/wp\/v2\/posts\/306","targetHints":{"allow":["GET"]}}],"collection":[{"href":"https:\/\/www.proveritate.hu\/index.php\/wp-json\/wp\/v2\/posts"}],"about":[{"href":"https:\/\/www.proveritate.hu\/index.php\/wp-json\/wp\/v2\/types\/post"}],"author":[{"embeddable":true,"href":"https:\/\/www.proveritate.hu\/index.php\/wp-json\/wp\/v2\/users\/1"}],"replies":[{"embeddable":true,"href":"https:\/\/www.proveritate.hu\/index.php\/wp-json\/wp\/v2\/comments?post=306"}],"version-history":[{"count":2,"href":"https:\/\/www.proveritate.hu\/index.php\/wp-json\/wp\/v2\/posts\/306\/revisions"}],"predecessor-version":[{"id":309,"href":"https:\/\/www.proveritate.hu\/index.php\/wp-json\/wp\/v2\/posts\/306\/revisions\/309"}],"wp:attachment":[{"href":"https:\/\/www.proveritate.hu\/index.php\/wp-json\/wp\/v2\/media?parent=306"}],"wp:term":[{"taxonomy":"category","embeddable":true,"href":"https:\/\/www.proveritate.hu\/index.php\/wp-json\/wp\/v2\/categories?post=306"},{"taxonomy":"post_tag","embeddable":true,"href":"https:\/\/www.proveritate.hu\/index.php\/wp-json\/wp\/v2\/tags?post=306"}],"curies":[{"name":"wp","href":"https:\/\/api.w.org\/{rel}","templated":true}]}}